{"id":7626,"date":"2025-03-14T12:05:19","date_gmt":"2025-03-14T12:05:19","guid":{"rendered":"https:\/\/www.sendelfenga-sumpfhexa.de\/cms\/?p=7626"},"modified":"2025-03-14T13:00:49","modified_gmt":"2025-03-14T13:00:49","slug":"16-02-2025-umzug-tuebingen-4","status":"publish","type":"post","link":"https:\/\/www.sendelfenga-sumpfhexa.de\/cms\/kampagnen\/16-02-2025-umzug-tuebingen-4\/","title":{"rendered":"27.02.2025 Kindergartensturm G\u00e4rtringen"},"content":{"rendered":"\n<h1 class=\"wp-block-heading\"><\/h1>\n\n\n\n<p>???????? Hauptfasnet????????<\/p>\n\n\n\n<p>Am Schmutzigen Donnerstag waren im Kindergarten G\u00e4rtringen und haben den Kindergarten besucht. Neben der Geschichte des Vereins, Masken Probieren, Spiel und Spa\u00df, durfte nat\u00fcrlich der Brauchtum an die Kinder nicht fehlen. Unsere Aufgabe ist es, nicht nur an Umz\u00fcgen und Abendveranstaltungen teilzunehmen, sondern auch die Geschichte und Brauchtum an die Kinder weiterzugeben.<\/p>\n\n\n\n<p>Die Eltern dankten uns mit leckeren Essen und daf\u00fcr wollen wir uns recht herzlichst bedanken????????????  <\/p>\n\n\n\n<p>Auf euch<br>3faches Sumpf &#8211; Hexa ????????<\/p>\n\n\n\n<h1 class=\"wp-block-heading\">#Sumpfhexa2025<\/h1>\n\n\n\n<p>Eure Sendelfenga Sumpfhexa <img decoding=\"async\" height=\"16\" width=\"16\" src=\"https:\/\/static.xx.fbcdn.net\/images\/emoji.php\/v9\/t66\/1\/16\/1f9d9.png\" alt=\"????\"><img decoding=\"async\" height=\"16\" width=\"16\" src=\"https:\/\/static.xx.fbcdn.net\/images\/emoji.php\/v9\/t14\/1\/16\/1f9d9_200d_2640.png\" alt=\"????\u200d\u2640\ufe0f\"><img decoding=\"async\" height=\"16\" width=\"16\" src=\"https:\/\/static.xx.fbcdn.net\/images\/emoji.php\/v9\/ta4\/1\/16\/1f9f9.png\" alt=\"????\"><\/p>\n\n\n\n<p><\/p>\n","protected":false},"excerpt":{"rendered":"<p>???????? Hauptfasnet???????? Am Schmutzigen Donnerstag waren im Kindergarten G\u00e4rtringen und haben den Kindergarten besucht. Neben der Geschichte des Vereins, Masken Probieren, Spiel und Spa\u00df, durfte nat\u00fcrlich der Brauchtum an die Kinder nicht fehlen. Unsere Aufgabe ist es, nicht nur an Umz\u00fcgen und Abendveranstaltungen teilzunehmen, sondern auch die Geschichte und Brauchtum an die Kinder weiterzugeben. Die [&hellip;]<\/p>\n","protected":false},"author":1,"featured_media":7628,"comment_status":"open","ping_status":"open","sticky":false,"template":"","format":"standard","meta":{"footnotes":""},"categories":[1],"tags":[],"class_list":["post-7626","post","type-post","status-publish","format-standard","has-post-thumbnail","hentry","category-kampagnen"],"yoast_head":"<!-- This site is optimized with the Yoast SEO plugin v27.3 - https:\/\/yoast.com\/product\/yoast-seo-wordpress\/ -->\n<title>27.02.2025 Kindergartensturm G\u00e4rtringen - 1. Freien Narrenzunft Sindelfingen \u2013 Sendelfenga Sumpfhexa<\/title>\n<meta name=\"robots\" content=\"index, follow, max-snippet:-1, max-image-preview:large, max-video-preview:-1\" \/>\n<link rel=\"canonical\" href=\"https:\/\/www.sendelfenga-sumpfhexa.de\/cms\/kampagnen\/16-02-2025-umzug-tuebingen-4\/\" \/>\n<meta property=\"og:locale\" content=\"de_DE\" \/>\n<meta property=\"og:type\" content=\"article\" \/>\n<meta property=\"og:title\" content=\"27.02.2025 Kindergartensturm G\u00e4rtringen - 1. Freien Narrenzunft Sindelfingen \u2013 Sendelfenga Sumpfhexa\" \/>\n<meta property=\"og:description\" content=\"???????? Hauptfasnet???????? Am Schmutzigen Donnerstag waren im Kindergarten G\u00e4rtringen und haben den Kindergarten besucht. Neben der Geschichte des Vereins, Masken Probieren, Spiel und Spa\u00df, durfte nat\u00fcrlich der Brauchtum an die Kinder nicht fehlen. Unsere Aufgabe ist es, nicht nur an Umz\u00fcgen und Abendveranstaltungen teilzunehmen, sondern auch die Geschichte und Brauchtum an die Kinder weiterzugeben. Die [&hellip;]\" \/>\n<meta property=\"og:url\" content=\"https:\/\/www.sendelfenga-sumpfhexa.de\/cms\/kampagnen\/16-02-2025-umzug-tuebingen-4\/\" \/>\n<meta property=\"og:site_name\" content=\"1. Freien Narrenzunft Sindelfingen \u2013 Sendelfenga Sumpfhexa\" \/>\n<meta property=\"article:published_time\" content=\"2025-03-14T12:05:19+00:00\" \/>\n<meta property=\"article:modified_time\" content=\"2025-03-14T13:00:49+00:00\" \/>\n<meta property=\"og:image\" content=\"https:\/\/www.sendelfenga-sumpfhexa.de\/cms\/wp-content\/uploads\/2025\/03\/20250227_113347-1-scaled.jpg\" \/>\n\t<meta property=\"og:image:width\" content=\"1915\" \/>\n\t<meta property=\"og:image:height\" content=\"2560\" \/>\n\t<meta property=\"og:image:type\" content=\"image\/jpeg\" \/>\n<meta name=\"author\" content=\"admin\" \/>\n<meta name=\"twitter:card\" content=\"summary_large_image\" \/>\n<meta name=\"twitter:label1\" content=\"Verfasst von\" \/>\n\t<meta name=\"twitter:data1\" content=\"admin\" \/>\n\t<meta name=\"twitter:label2\" content=\"Gesch\u00e4tzte Lesezeit\" \/>\n\t<meta name=\"twitter:data2\" content=\"2\u00a0Minuten\" \/>\n<script type=\"application\/ld+json\" class=\"yoast-schema-graph\">{\"@context\":\"https:\\\/\\\/schema.org\",\"@graph\":[{\"@type\":\"Article\",\"@id\":\"https:\\\/\\\/www.sendelfenga-sumpfhexa.de\\\/cms\\\/kampagnen\\\/16-02-2025-umzug-tuebingen-4\\\/#article\",\"isPartOf\":{\"@id\":\"https:\\\/\\\/www.sendelfenga-sumpfhexa.de\\\/cms\\\/kampagnen\\\/16-02-2025-umzug-tuebingen-4\\\/\"},\"author\":{\"name\":\"admin\",\"@id\":\"https:\\\/\\\/www.sendelfenga-sumpfhexa.de\\\/cms\\\/#\\\/schema\\\/person\\\/0a6c7980ac6599352e79fa2ee4460d44\"},\"headline\":\"27.02.2025 Kindergartensturm G\u00e4rtringen\",\"datePublished\":\"2025-03-14T12:05:19+00:00\",\"dateModified\":\"2025-03-14T13:00:49+00:00\",\"mainEntityOfPage\":{\"@id\":\"https:\\\/\\\/www.sendelfenga-sumpfhexa.de\\\/cms\\\/kampagnen\\\/16-02-2025-umzug-tuebingen-4\\\/\"},\"wordCount\":85,\"commentCount\":0,\"image\":{\"@id\":\"https:\\\/\\\/www.sendelfenga-sumpfhexa.de\\\/cms\\\/kampagnen\\\/16-02-2025-umzug-tuebingen-4\\\/#primaryimage\"},\"thumbnailUrl\":\"https:\\\/\\\/www.sendelfenga-sumpfhexa.de\\\/cms\\\/wp-content\\\/uploads\\\/2025\\\/03\\\/20250227_113347-1-scaled.jpg\",\"articleSection\":[\"Kampagnen\"],\"inLanguage\":\"de\",\"potentialAction\":[{\"@type\":\"CommentAction\",\"name\":\"Comment\",\"target\":[\"https:\\\/\\\/www.sendelfenga-sumpfhexa.de\\\/cms\\\/kampagnen\\\/16-02-2025-umzug-tuebingen-4\\\/#respond\"]}]},{\"@type\":\"WebPage\",\"@id\":\"https:\\\/\\\/www.sendelfenga-sumpfhexa.de\\\/cms\\\/kampagnen\\\/16-02-2025-umzug-tuebingen-4\\\/\",\"url\":\"https:\\\/\\\/www.sendelfenga-sumpfhexa.de\\\/cms\\\/kampagnen\\\/16-02-2025-umzug-tuebingen-4\\\/\",\"name\":\"27.02.2025 Kindergartensturm G\u00e4rtringen - 1. Freien Narrenzunft Sindelfingen \u2013 Sendelfenga Sumpfhexa\",\"isPartOf\":{\"@id\":\"https:\\\/\\\/www.sendelfenga-sumpfhexa.de\\\/cms\\\/#website\"},\"primaryImageOfPage\":{\"@id\":\"https:\\\/\\\/www.sendelfenga-sumpfhexa.de\\\/cms\\\/kampagnen\\\/16-02-2025-umzug-tuebingen-4\\\/#primaryimage\"},\"image\":{\"@id\":\"https:\\\/\\\/www.sendelfenga-sumpfhexa.de\\\/cms\\\/kampagnen\\\/16-02-2025-umzug-tuebingen-4\\\/#primaryimage\"},\"thumbnailUrl\":\"https:\\\/\\\/www.sendelfenga-sumpfhexa.de\\\/cms\\\/wp-content\\\/uploads\\\/2025\\\/03\\\/20250227_113347-1-scaled.jpg\",\"datePublished\":\"2025-03-14T12:05:19+00:00\",\"dateModified\":\"2025-03-14T13:00:49+00:00\",\"author\":{\"@id\":\"https:\\\/\\\/www.sendelfenga-sumpfhexa.de\\\/cms\\\/#\\\/schema\\\/person\\\/0a6c7980ac6599352e79fa2ee4460d44\"},\"breadcrumb\":{\"@id\":\"https:\\\/\\\/www.sendelfenga-sumpfhexa.de\\\/cms\\\/kampagnen\\\/16-02-2025-umzug-tuebingen-4\\\/#breadcrumb\"},\"inLanguage\":\"de\",\"potentialAction\":[{\"@type\":\"ReadAction\",\"target\":[\"https:\\\/\\\/www.sendelfenga-sumpfhexa.de\\\/cms\\\/kampagnen\\\/16-02-2025-umzug-tuebingen-4\\\/\"]}]},{\"@type\":\"ImageObject\",\"inLanguage\":\"de\",\"@id\":\"https:\\\/\\\/www.sendelfenga-sumpfhexa.de\\\/cms\\\/kampagnen\\\/16-02-2025-umzug-tuebingen-4\\\/#primaryimage\",\"url\":\"https:\\\/\\\/www.sendelfenga-sumpfhexa.de\\\/cms\\\/wp-content\\\/uploads\\\/2025\\\/03\\\/20250227_113347-1-scaled.jpg\",\"contentUrl\":\"https:\\\/\\\/www.sendelfenga-sumpfhexa.de\\\/cms\\\/wp-content\\\/uploads\\\/2025\\\/03\\\/20250227_113347-1-scaled.jpg\",\"width\":1915,\"height\":2560},{\"@type\":\"BreadcrumbList\",\"@id\":\"https:\\\/\\\/www.sendelfenga-sumpfhexa.de\\\/cms\\\/kampagnen\\\/16-02-2025-umzug-tuebingen-4\\\/#breadcrumb\",\"itemListElement\":[{\"@type\":\"ListItem\",\"position\":1,\"name\":\"Startseite\",\"item\":\"https:\\\/\\\/www.sendelfenga-sumpfhexa.de\\\/cms\\\/\"},{\"@type\":\"ListItem\",\"position\":2,\"name\":\"27.02.2025 Kindergartensturm G\u00e4rtringen\"}]},{\"@type\":\"WebSite\",\"@id\":\"https:\\\/\\\/www.sendelfenga-sumpfhexa.de\\\/cms\\\/#website\",\"url\":\"https:\\\/\\\/www.sendelfenga-sumpfhexa.de\\\/cms\\\/\",\"name\":\"1. Freien Narrenzunft Sindelfingen \u2013 Sendelfenga Sumpfhexa\",\"description\":\"\",\"potentialAction\":[{\"@type\":\"SearchAction\",\"target\":{\"@type\":\"EntryPoint\",\"urlTemplate\":\"https:\\\/\\\/www.sendelfenga-sumpfhexa.de\\\/cms\\\/?s={search_term_string}\"},\"query-input\":{\"@type\":\"PropertyValueSpecification\",\"valueRequired\":true,\"valueName\":\"search_term_string\"}}],\"inLanguage\":\"de\"},{\"@type\":\"Person\",\"@id\":\"https:\\\/\\\/www.sendelfenga-sumpfhexa.de\\\/cms\\\/#\\\/schema\\\/person\\\/0a6c7980ac6599352e79fa2ee4460d44\",\"name\":\"admin\",\"image\":{\"@type\":\"ImageObject\",\"inLanguage\":\"de\",\"@id\":\"https:\\\/\\\/secure.gravatar.com\\\/avatar\\\/d1e999717240c8268747ce4ea57da21c73b34a77f21992dbf800d2d85985c2d7?s=96&d=mm&r=g\",\"url\":\"https:\\\/\\\/secure.gravatar.com\\\/avatar\\\/d1e999717240c8268747ce4ea57da21c73b34a77f21992dbf800d2d85985c2d7?s=96&d=mm&r=g\",\"contentUrl\":\"https:\\\/\\\/secure.gravatar.com\\\/avatar\\\/d1e999717240c8268747ce4ea57da21c73b34a77f21992dbf800d2d85985c2d7?s=96&d=mm&r=g\",\"caption\":\"admin\"},\"sameAs\":[\"https:\\\/\\\/www.sendelfengasumpfhexa.de\\\/cms\"],\"url\":\"https:\\\/\\\/www.sendelfenga-sumpfhexa.de\\\/cms\\\/author\\\/patrick\\\/\"}]}<\/script>\n<!-- \/ Yoast SEO plugin. -->","yoast_head_json":{"title":"27.02.2025 Kindergartensturm G\u00e4rtringen - 1. Freien Narrenzunft Sindelfingen \u2013 Sendelfenga Sumpfhexa","robots":{"index":"index","follow":"follow","max-snippet":"max-snippet:-1","max-image-preview":"max-image-preview:large","max-video-preview":"max-video-preview:-1"},"canonical":"https:\/\/www.sendelfenga-sumpfhexa.de\/cms\/kampagnen\/16-02-2025-umzug-tuebingen-4\/","og_locale":"de_DE","og_type":"article","og_title":"27.02.2025 Kindergartensturm G\u00e4rtringen - 1. Freien Narrenzunft Sindelfingen \u2013 Sendelfenga Sumpfhexa","og_description":"???????? Hauptfasnet???????? Am Schmutzigen Donnerstag waren im Kindergarten G\u00e4rtringen und haben den Kindergarten besucht. Neben der Geschichte des Vereins, Masken Probieren, Spiel und Spa\u00df, durfte nat\u00fcrlich der Brauchtum an die Kinder nicht fehlen. Unsere Aufgabe ist es, nicht nur an Umz\u00fcgen und Abendveranstaltungen teilzunehmen, sondern auch die Geschichte und Brauchtum an die Kinder weiterzugeben. Die [&hellip;]","og_url":"https:\/\/www.sendelfenga-sumpfhexa.de\/cms\/kampagnen\/16-02-2025-umzug-tuebingen-4\/","og_site_name":"1. Freien Narrenzunft Sindelfingen \u2013 Sendelfenga Sumpfhexa","article_published_time":"2025-03-14T12:05:19+00:00","article_modified_time":"2025-03-14T13:00:49+00:00","og_image":[{"width":1915,"height":2560,"url":"https:\/\/www.sendelfenga-sumpfhexa.de\/cms\/wp-content\/uploads\/2025\/03\/20250227_113347-1-scaled.jpg","type":"image\/jpeg"}],"author":"admin","twitter_card":"summary_large_image","twitter_misc":{"Verfasst von":"admin","Gesch\u00e4tzte Lesezeit":"2\u00a0Minuten"},"schema":{"@context":"https:\/\/schema.org","@graph":[{"@type":"Article","@id":"https:\/\/www.sendelfenga-sumpfhexa.de\/cms\/kampagnen\/16-02-2025-umzug-tuebingen-4\/#article","isPartOf":{"@id":"https:\/\/www.sendelfenga-sumpfhexa.de\/cms\/kampagnen\/16-02-2025-umzug-tuebingen-4\/"},"author":{"name":"admin","@id":"https:\/\/www.sendelfenga-sumpfhexa.de\/cms\/#\/schema\/person\/0a6c7980ac6599352e79fa2ee4460d44"},"headline":"27.02.2025 Kindergartensturm G\u00e4rtringen","datePublished":"2025-03-14T12:05:19+00:00","dateModified":"2025-03-14T13:00:49+00:00","mainEntityOfPage":{"@id":"https:\/\/www.sendelfenga-sumpfhexa.de\/cms\/kampagnen\/16-02-2025-umzug-tuebingen-4\/"},"wordCount":85,"commentCount":0,"image":{"@id":"https:\/\/www.sendelfenga-sumpfhexa.de\/cms\/kampagnen\/16-02-2025-umzug-tuebingen-4\/#primaryimage"},"thumbnailUrl":"https:\/\/www.sendelfenga-sumpfhexa.de\/cms\/wp-content\/uploads\/2025\/03\/20250227_113347-1-scaled.jpg","articleSection":["Kampagnen"],"inLanguage":"de","potentialAction":[{"@type":"CommentAction","name":"Comment","target":["https:\/\/www.sendelfenga-sumpfhexa.de\/cms\/kampagnen\/16-02-2025-umzug-tuebingen-4\/#respond"]}]},{"@type":"WebPage","@id":"https:\/\/www.sendelfenga-sumpfhexa.de\/cms\/kampagnen\/16-02-2025-umzug-tuebingen-4\/","url":"https:\/\/www.sendelfenga-sumpfhexa.de\/cms\/kampagnen\/16-02-2025-umzug-tuebingen-4\/","name":"27.02.2025 Kindergartensturm G\u00e4rtringen - 1. Freien Narrenzunft Sindelfingen \u2013 Sendelfenga Sumpfhexa","isPartOf":{"@id":"https:\/\/www.sendelfenga-sumpfhexa.de\/cms\/#website"},"primaryImageOfPage":{"@id":"https:\/\/www.sendelfenga-sumpfhexa.de\/cms\/kampagnen\/16-02-2025-umzug-tuebingen-4\/#primaryimage"},"image":{"@id":"https:\/\/www.sendelfenga-sumpfhexa.de\/cms\/kampagnen\/16-02-2025-umzug-tuebingen-4\/#primaryimage"},"thumbnailUrl":"https:\/\/www.sendelfenga-sumpfhexa.de\/cms\/wp-content\/uploads\/2025\/03\/20250227_113347-1-scaled.jpg","datePublished":"2025-03-14T12:05:19+00:00","dateModified":"2025-03-14T13:00:49+00:00","author":{"@id":"https:\/\/www.sendelfenga-sumpfhexa.de\/cms\/#\/schema\/person\/0a6c7980ac6599352e79fa2ee4460d44"},"breadcrumb":{"@id":"https:\/\/www.sendelfenga-sumpfhexa.de\/cms\/kampagnen\/16-02-2025-umzug-tuebingen-4\/#breadcrumb"},"inLanguage":"de","potentialAction":[{"@type":"ReadAction","target":["https:\/\/www.sendelfenga-sumpfhexa.de\/cms\/kampagnen\/16-02-2025-umzug-tuebingen-4\/"]}]},{"@type":"ImageObject","inLanguage":"de","@id":"https:\/\/www.sendelfenga-sumpfhexa.de\/cms\/kampagnen\/16-02-2025-umzug-tuebingen-4\/#primaryimage","url":"https:\/\/www.sendelfenga-sumpfhexa.de\/cms\/wp-content\/uploads\/2025\/03\/20250227_113347-1-scaled.jpg","contentUrl":"https:\/\/www.sendelfenga-sumpfhexa.de\/cms\/wp-content\/uploads\/2025\/03\/20250227_113347-1-scaled.jpg","width":1915,"height":2560},{"@type":"BreadcrumbList","@id":"https:\/\/www.sendelfenga-sumpfhexa.de\/cms\/kampagnen\/16-02-2025-umzug-tuebingen-4\/#breadcrumb","itemListElement":[{"@type":"ListItem","position":1,"name":"Startseite","item":"https:\/\/www.sendelfenga-sumpfhexa.de\/cms\/"},{"@type":"ListItem","position":2,"name":"27.02.2025 Kindergartensturm G\u00e4rtringen"}]},{"@type":"WebSite","@id":"https:\/\/www.sendelfenga-sumpfhexa.de\/cms\/#website","url":"https:\/\/www.sendelfenga-sumpfhexa.de\/cms\/","name":"1. Freien Narrenzunft Sindelfingen \u2013 Sendelfenga Sumpfhexa","description":"","potentialAction":[{"@type":"SearchAction","target":{"@type":"EntryPoint","urlTemplate":"https:\/\/www.sendelfenga-sumpfhexa.de\/cms\/?s={search_term_string}"},"query-input":{"@type":"PropertyValueSpecification","valueRequired":true,"valueName":"search_term_string"}}],"inLanguage":"de"},{"@type":"Person","@id":"https:\/\/www.sendelfenga-sumpfhexa.de\/cms\/#\/schema\/person\/0a6c7980ac6599352e79fa2ee4460d44","name":"admin","image":{"@type":"ImageObject","inLanguage":"de","@id":"https:\/\/secure.gravatar.com\/avatar\/d1e999717240c8268747ce4ea57da21c73b34a77f21992dbf800d2d85985c2d7?s=96&d=mm&r=g","url":"https:\/\/secure.gravatar.com\/avatar\/d1e999717240c8268747ce4ea57da21c73b34a77f21992dbf800d2d85985c2d7?s=96&d=mm&r=g","contentUrl":"https:\/\/secure.gravatar.com\/avatar\/d1e999717240c8268747ce4ea57da21c73b34a77f21992dbf800d2d85985c2d7?s=96&d=mm&r=g","caption":"admin"},"sameAs":["https:\/\/www.sendelfengasumpfhexa.de\/cms"],"url":"https:\/\/www.sendelfenga-sumpfhexa.de\/cms\/author\/patrick\/"}]}},"_links":{"self":[{"href":"https:\/\/www.sendelfenga-sumpfhexa.de\/cms\/wp-json\/wp\/v2\/posts\/7626","targetHints":{"allow":["GET"]}}],"collection":[{"href":"https:\/\/www.sendelfenga-sumpfhexa.de\/cms\/wp-json\/wp\/v2\/posts"}],"about":[{"href":"https:\/\/www.sendelfenga-sumpfhexa.de\/cms\/wp-json\/wp\/v2\/types\/post"}],"author":[{"embeddable":true,"href":"https:\/\/www.sendelfenga-sumpfhexa.de\/cms\/wp-json\/wp\/v2\/users\/1"}],"replies":[{"embeddable":true,"href":"https:\/\/www.sendelfenga-sumpfhexa.de\/cms\/wp-json\/wp\/v2\/comments?post=7626"}],"version-history":[{"count":3,"href":"https:\/\/www.sendelfenga-sumpfhexa.de\/cms\/wp-json\/wp\/v2\/posts\/7626\/revisions"}],"predecessor-version":[{"id":7650,"href":"https:\/\/www.sendelfenga-sumpfhexa.de\/cms\/wp-json\/wp\/v2\/posts\/7626\/revisions\/7650"}],"wp:featuredmedia":[{"embeddable":true,"href":"https:\/\/www.sendelfenga-sumpfhexa.de\/cms\/wp-json\/wp\/v2\/media\/7628"}],"wp:attachment":[{"href":"https:\/\/www.sendelfenga-sumpfhexa.de\/cms\/wp-json\/wp\/v2\/media?parent=7626"}],"wp:term":[{"taxonomy":"category","embeddable":true,"href":"https:\/\/www.sendelfenga-sumpfhexa.de\/cms\/wp-json\/wp\/v2\/categories?post=7626"},{"taxonomy":"post_tag","embeddable":true,"href":"https:\/\/www.sendelfenga-sumpfhexa.de\/cms\/wp-json\/wp\/v2\/tags?post=7626"}],"curies":[{"name":"wp","href":"https:\/\/api.w.org\/{rel}","templated":true}]}}